{"id":131399,"date":"2021-11-25T15:07:15","date_gmt":"2021-11-25T14:07:15","guid":{"rendered":"https:\/\/www.kleinmetals.ch\/75-ans-de-l-klein-sa-plus-quun-negociant-en-acier\/"},"modified":"2024-02-12T15:20:18","modified_gmt":"2024-02-12T14:20:18","slug":"75-ans-de-l-klein-sa-plus-quun-negociant-en-acier","status":"publish","type":"post","link":"https:\/\/www.kleinmetals.ch\/fr\/75-ans-de-l-klein-sa-plus-quun-negociant-en-acier\/","title":{"rendered":"75 ans de L. KLEIN SA &#8211; plus qu&rsquo;un n\u00e9gociant en acier"},"content":{"rendered":"<div class=\"fusion-fullwidth fullwidth-box fusion-builder-row-1 fusion-flex-container nonhundred-percent-fullwidth non-hundred-percent-height-scrolling\" style=\"--awb-border-radius-top-left:0px;--awb-border-radius-top-right:0px;--awb-border-radius-bottom-right:0px;--awb-border-radius-bottom-left:0px;--awb-flex-wrap:wrap;\" ><div class=\"fusion-builder-row fusion-row fusion-flex-align-items-flex-start fusion-flex-content-wrap\" style=\"max-width:1456px;margin-left: calc(-4% \/ 2 );margin-right: calc(-4% \/ 2 );\"><div class=\"fusion-layout-column fusion_builder_column fusion-builder-column-0 fusion_builder_column_1_1 1_1 fusion-flex-column\" style=\"--awb-bg-size:cover;--awb-width-large:100%;--awb-margin-top-large:0px;--awb-spacing-right-large:1.92%;--awb-margin-bottom-large:20px;--awb-spacing-left-large:1.92%;--awb-width-medium:100%;--awb-order-medium:0;--awb-spacing-right-medium:1.92%;--awb-spacing-left-medium:1.92%;--awb-width-small:100%;--awb-order-small:0;--awb-spacing-right-small:1.92%;--awb-spacing-left-small:1.92%;\"><div class=\"fusion-column-wrapper fusion-column-has-shadow fusion-flex-justify-content-flex-start fusion-content-layout-column\"><div class=\"fusion-title title fusion-title-1 fusion-sep-none fusion-title-text fusion-title-size-one\"><h1 class=\"fusion-title-heading title-heading-left fusion-responsive-typography-calculated\" style=\"margin:0;--fontSize:42;--minFontSize:42;line-height:var(--awb-typography1-line-height);\">75 ans de L. KLEIN SA &#8211; plus qu&rsquo;un n\u00e9gociant en acier<\/h1><\/div><div class=\"fusion-image-element \" style=\"--awb-caption-title-font-family:var(--h2_typography-font-family);--awb-caption-title-font-weight:var(--h2_typography-font-weight);--awb-caption-title-font-style:var(--h2_typography-font-style);--awb-caption-title-size:var(--h2_typography-font-size);--awb-caption-title-transform:var(--h2_typography-text-transform);--awb-caption-title-line-height:var(--h2_typography-line-height);--awb-caption-title-letter-spacing:var(--h2_typography-letter-spacing);\"><span class=\" fusion-imageframe imageframe-none imageframe-1 hover-type-none\"><img loading=\"lazy\" decoding=\"async\" width=\"2560\" height=\"2560\" title=\"Bildpost_75Jubil\u00e4um_defpdf\" src=\"https:\/\/www.kleinmetals.ch\/wp-content\/uploads\/Bildpost_75Jubilaeum_defpdf-scaled.jpg\" alt class=\"img-responsive wp-image-62857\" srcset=\"https:\/\/www.kleinmetals.ch\/wp-content\/uploads\/Bildpost_75Jubilaeum_defpdf-200x200.jpg 200w, https:\/\/www.kleinmetals.ch\/wp-content\/uploads\/Bildpost_75Jubilaeum_defpdf-400x400.jpg 400w, https:\/\/www.kleinmetals.ch\/wp-content\/uploads\/Bildpost_75Jubilaeum_defpdf-600x600.jpg 600w, https:\/\/www.kleinmetals.ch\/wp-content\/uploads\/Bildpost_75Jubilaeum_defpdf-800x800.jpg 800w, https:\/\/www.kleinmetals.ch\/wp-content\/uploads\/Bildpost_75Jubilaeum_defpdf-1200x1200.jpg 1200w, https:\/\/www.kleinmetals.ch\/wp-content\/uploads\/Bildpost_75Jubilaeum_defpdf-scaled.jpg 2560w\" sizes=\"auto, (max-width: 992px) 100vw, 2560px\" \/><\/span><\/div><div class=\"fusion-text fusion-text-1\"><p>En tant qu&rsquo;entreprise familiale suisse, L. KLEIN SA s&rsquo;est fait un nom en tant que stockiste et distributeur d&rsquo;aciers inoxydables &amp; de m\u00e9taux.<\/p>\n<p>Fond\u00e9e en <strong>1946<\/strong>, l&rsquo;entreprise compte aujourd&rsquo;hui une \u00e9quipe de 20 personnes Au cours des derni\u00e8res d\u00e9cennies, elle a pu \u00e9voluer d&rsquo;une entreprise de sous-traitance r\u00e9gionale \u00e0 une entreprise internationale.<\/p>\n<p>\u00abL. KLEIN SA &#8211; Elle est <strong>tourn\u00e9e vers l&rsquo;avenir<\/strong> et nous nous <strong>effor\u00e7ons<\/strong> de r\u00e9aliser nos visions et nos objectifs. La qualit\u00e9 de vie des employ\u00e9s et de l&rsquo;entreprise est au centre de nos pr\u00e9occupations. Une \u00e9quipe de collaborateurs et collaboratrices sp\u00e9cifiquement form\u00e9s ainsi qu&rsquo;une m\u00e9thode de travail durable sont parfois la cl\u00e9 du succ\u00e8s de L. KLEIN SA depuis plus de <strong>75 ans<\/strong>.\u00bb<\/p>\n<p>Soucieuse de l&rsquo;environnement, la soci\u00e9t\u00e9 s&rsquo;efforce d&rsquo;associer les ressources naturelles telles que le bois, l&rsquo;eau de pluie et l&rsquo;\u00e9nergie solaire \u00e0 l&rsquo;\u00e9tat le plus r\u00e9cent de la technique et de les utiliser pour ses propres besoins. C&rsquo;est \u00e0 cette id\u00e9e fondamentale qu&rsquo;Olivier &amp; Philipp Schiess se sont attel\u00e9s lors de la conception de leur nouveau b\u00e2timent d&rsquo;entreprise.<\/p>\n<p>Nous remercions nos fid\u00e8les clients et partenaires pour la bonne collaboration.<\/p>\n<p>Pour en savoir plus sur <a href=\"https:\/\/www.kleinmetals.ch\/fr\/histoire\/\">l&rsquo;histoire<\/a> de notre entreprise, cliquez ici.<\/p>\n<\/div><\/div><\/div><\/div><\/div>\n","protected":false},"excerpt":{"rendered":"","protected":false},"author":1,"featured_media":62857,"comment_status":"open","ping_status":"open","sticky":false,"template":"","format":"standard","meta":{"_acf_changed":false,"inline_featured_image":false,"footnotes":""},"categories":[905],"tags":[],"class_list":["post-131399","post","type-post","status-publish","format-standard","has-post-thumbnail","hentry","category-news-fr"],"acf":[],"yoast_head":"<!-- This site is optimized with the Yoast SEO plugin v27.4 - https:\/\/yoast.com\/product\/yoast-seo-wordpress\/ -->\n<title>75 ans de L. KLEIN SA - plus qu&#039;un n\u00e9gociant en acier - L.Klein SA - Premium Steel and Metals<\/title>\n<meta name=\"robots\" content=\"index, follow, max-snippet:-1, max-image-preview:large, max-video-preview:-1\" \/>\n<link rel=\"canonical\" href=\"https:\/\/www.kleinmetals.ch\/fr\/75-ans-de-l-klein-sa-plus-quun-negociant-en-acier\/\" \/>\n<meta property=\"og:locale\" content=\"fr_FR\" \/>\n<meta property=\"og:type\" content=\"article\" \/>\n<meta property=\"og:title\" content=\"75 ans de L. KLEIN SA - plus qu&#039;un n\u00e9gociant en acier - L.Klein SA - Premium Steel and Metals\" \/>\n<meta property=\"og:url\" content=\"https:\/\/www.kleinmetals.ch\/fr\/75-ans-de-l-klein-sa-plus-quun-negociant-en-acier\/\" \/>\n<meta property=\"og:site_name\" content=\"L.Klein SA - Premium Steel and Metals\" \/>\n<meta property=\"article:published_time\" content=\"2021-11-25T14:07:15+00:00\" \/>\n<meta property=\"article:modified_time\" content=\"2024-02-12T14:20:18+00:00\" \/>\n<meta property=\"og:image\" content=\"https:\/\/www.kleinmetals.ch\/wp-content\/uploads\/Bildpost_75Jubilaeum_defpdf-scaled.jpg\" \/>\n\t<meta property=\"og:image:width\" content=\"2560\" \/>\n\t<meta property=\"og:image:height\" content=\"2560\" \/>\n\t<meta property=\"og:image:type\" content=\"image\/jpeg\" \/>\n<meta name=\"author\" content=\"kreadmin\" \/>\n<meta name=\"twitter:card\" content=\"summary_large_image\" \/>\n<meta name=\"twitter:label1\" content=\"\u00c9crit par\" \/>\n\t<meta name=\"twitter:data1\" content=\"kreadmin\" \/>\n\t<meta name=\"twitter:label2\" content=\"Dur\u00e9e de lecture estim\u00e9e\" \/>\n\t<meta name=\"twitter:data2\" content=\"6 minutes\" \/>\n<script type=\"application\/ld+json\" class=\"yoast-schema-graph\">{\"@context\":\"https:\\\/\\\/schema.org\",\"@graph\":[{\"@type\":\"Article\",\"@id\":\"https:\\\/\\\/www.kleinmetals.ch\\\/fr\\\/75-ans-de-l-klein-sa-plus-quun-negociant-en-acier\\\/#article\",\"isPartOf\":{\"@id\":\"https:\\\/\\\/www.kleinmetals.ch\\\/fr\\\/75-ans-de-l-klein-sa-plus-quun-negociant-en-acier\\\/\"},\"author\":{\"name\":\"kreadmin\",\"@id\":\"https:\\\/\\\/www.kleinmetals.ch\\\/fr\\\/#\\\/schema\\\/person\\\/afc63516d6dc1bc29d882d9c919e8c3d\"},\"headline\":\"75 ans de L. KLEIN SA &#8211; plus qu&rsquo;un n\u00e9gociant en acier\",\"datePublished\":\"2021-11-25T14:07:15+00:00\",\"dateModified\":\"2024-02-12T14:20:18+00:00\",\"mainEntityOfPage\":{\"@id\":\"https:\\\/\\\/www.kleinmetals.ch\\\/fr\\\/75-ans-de-l-klein-sa-plus-quun-negociant-en-acier\\\/\"},\"wordCount\":1293,\"commentCount\":0,\"publisher\":{\"@id\":\"https:\\\/\\\/www.kleinmetals.ch\\\/fr\\\/#organization\"},\"image\":{\"@id\":\"https:\\\/\\\/www.kleinmetals.ch\\\/fr\\\/75-ans-de-l-klein-sa-plus-quun-negociant-en-acier\\\/#primaryimage\"},\"thumbnailUrl\":\"https:\\\/\\\/www.kleinmetals.ch\\\/wp-content\\\/uploads\\\/Bildpost_75Jubilaeum_defpdf-scaled.jpg\",\"articleSection\":[\"News\"],\"inLanguage\":\"fr-FR\",\"potentialAction\":[{\"@type\":\"CommentAction\",\"name\":\"Comment\",\"target\":[\"https:\\\/\\\/www.kleinmetals.ch\\\/fr\\\/75-ans-de-l-klein-sa-plus-quun-negociant-en-acier\\\/#respond\"]}]},{\"@type\":\"WebPage\",\"@id\":\"https:\\\/\\\/www.kleinmetals.ch\\\/fr\\\/75-ans-de-l-klein-sa-plus-quun-negociant-en-acier\\\/\",\"url\":\"https:\\\/\\\/www.kleinmetals.ch\\\/fr\\\/75-ans-de-l-klein-sa-plus-quun-negociant-en-acier\\\/\",\"name\":\"75 ans de L. KLEIN SA - plus qu'un n\u00e9gociant en acier - L.Klein SA - Premium Steel and Metals\",\"isPartOf\":{\"@id\":\"https:\\\/\\\/www.kleinmetals.ch\\\/fr\\\/#website\"},\"primaryImageOfPage\":{\"@id\":\"https:\\\/\\\/www.kleinmetals.ch\\\/fr\\\/75-ans-de-l-klein-sa-plus-quun-negociant-en-acier\\\/#primaryimage\"},\"image\":{\"@id\":\"https:\\\/\\\/www.kleinmetals.ch\\\/fr\\\/75-ans-de-l-klein-sa-plus-quun-negociant-en-acier\\\/#primaryimage\"},\"thumbnailUrl\":\"https:\\\/\\\/www.kleinmetals.ch\\\/wp-content\\\/uploads\\\/Bildpost_75Jubilaeum_defpdf-scaled.jpg\",\"datePublished\":\"2021-11-25T14:07:15+00:00\",\"dateModified\":\"2024-02-12T14:20:18+00:00\",\"breadcrumb\":{\"@id\":\"https:\\\/\\\/www.kleinmetals.ch\\\/fr\\\/75-ans-de-l-klein-sa-plus-quun-negociant-en-acier\\\/#breadcrumb\"},\"inLanguage\":\"fr-FR\",\"potentialAction\":[{\"@type\":\"ReadAction\",\"target\":[\"https:\\\/\\\/www.kleinmetals.ch\\\/fr\\\/75-ans-de-l-klein-sa-plus-quun-negociant-en-acier\\\/\"]}]},{\"@type\":\"ImageObject\",\"inLanguage\":\"fr-FR\",\"@id\":\"https:\\\/\\\/www.kleinmetals.ch\\\/fr\\\/75-ans-de-l-klein-sa-plus-quun-negociant-en-acier\\\/#primaryimage\",\"url\":\"https:\\\/\\\/www.kleinmetals.ch\\\/wp-content\\\/uploads\\\/Bildpost_75Jubilaeum_defpdf-scaled.jpg\",\"contentUrl\":\"https:\\\/\\\/www.kleinmetals.ch\\\/wp-content\\\/uploads\\\/Bildpost_75Jubilaeum_defpdf-scaled.jpg\",\"width\":2560,\"height\":2560},{\"@type\":\"BreadcrumbList\",\"@id\":\"https:\\\/\\\/www.kleinmetals.ch\\\/fr\\\/75-ans-de-l-klein-sa-plus-quun-negociant-en-acier\\\/#breadcrumb\",\"itemListElement\":[{\"@type\":\"ListItem\",\"position\":1,\"name\":\"Home\",\"item\":\"https:\\\/\\\/www.kleinmetals.ch\\\/fr\\\/\"},{\"@type\":\"ListItem\",\"position\":2,\"name\":\"75 ans de L. KLEIN SA &#8211; plus qu&rsquo;un n\u00e9gociant en acier\"}]},{\"@type\":\"WebSite\",\"@id\":\"https:\\\/\\\/www.kleinmetals.ch\\\/fr\\\/#website\",\"url\":\"https:\\\/\\\/www.kleinmetals.ch\\\/fr\\\/\",\"name\":\"L.Klein AG Edelst\u00e4hle und Metalle\",\"description\":\"Handel mit hochwertigen Edelst\u00e4hlen und metallischen Rohstoffen\",\"publisher\":{\"@id\":\"https:\\\/\\\/www.kleinmetals.ch\\\/fr\\\/#organization\"},\"potentialAction\":[{\"@type\":\"SearchAction\",\"target\":{\"@type\":\"EntryPoint\",\"urlTemplate\":\"https:\\\/\\\/www.kleinmetals.ch\\\/fr\\\/?s={search_term_string}\"},\"query-input\":{\"@type\":\"PropertyValueSpecification\",\"valueRequired\":true,\"valueName\":\"search_term_string\"}}],\"inLanguage\":\"fr-FR\"},{\"@type\":\"Organization\",\"@id\":\"https:\\\/\\\/www.kleinmetals.ch\\\/fr\\\/#organization\",\"name\":\"L. Klein SA\",\"url\":\"https:\\\/\\\/www.kleinmetals.ch\\\/fr\\\/\",\"logo\":{\"@type\":\"ImageObject\",\"inLanguage\":\"fr-FR\",\"@id\":\"https:\\\/\\\/www.kleinmetals.ch\\\/fr\\\/#\\\/schema\\\/logo\\\/image\\\/\",\"url\":\"https:\\\/\\\/www.kleinmetals.ch\\\/wp-content\\\/uploads\\\/L-Klein-SA-Logo.svg\",\"contentUrl\":\"https:\\\/\\\/www.kleinmetals.ch\\\/wp-content\\\/uploads\\\/L-Klein-SA-Logo.svg\",\"width\":275,\"height\":86,\"caption\":\"L. Klein SA\"},\"image\":{\"@id\":\"https:\\\/\\\/www.kleinmetals.ch\\\/fr\\\/#\\\/schema\\\/logo\\\/image\\\/\"},\"sameAs\":[\"https:\\\/\\\/www.linkedin.com\\\/company\\\/l.-klein-sa\\\/\"]},{\"@type\":\"Person\",\"@id\":\"https:\\\/\\\/www.kleinmetals.ch\\\/fr\\\/#\\\/schema\\\/person\\\/afc63516d6dc1bc29d882d9c919e8c3d\",\"name\":\"kreadmin\",\"sameAs\":[\"https:\\\/\\\/www.kleinmetals.ch\"]}]}<\/script>\n<!-- \/ Yoast SEO plugin. -->","yoast_head_json":{"title":"75 ans de L. KLEIN SA - plus qu'un n\u00e9gociant en acier - L.Klein SA - Premium Steel and Metals","robots":{"index":"index","follow":"follow","max-snippet":"max-snippet:-1","max-image-preview":"max-image-preview:large","max-video-preview":"max-video-preview:-1"},"canonical":"https:\/\/www.kleinmetals.ch\/fr\/75-ans-de-l-klein-sa-plus-quun-negociant-en-acier\/","og_locale":"fr_FR","og_type":"article","og_title":"75 ans de L. KLEIN SA - plus qu'un n\u00e9gociant en acier - L.Klein SA - Premium Steel and Metals","og_url":"https:\/\/www.kleinmetals.ch\/fr\/75-ans-de-l-klein-sa-plus-quun-negociant-en-acier\/","og_site_name":"L.Klein SA - Premium Steel and Metals","article_published_time":"2021-11-25T14:07:15+00:00","article_modified_time":"2024-02-12T14:20:18+00:00","og_image":[{"width":2560,"height":2560,"url":"https:\/\/www.kleinmetals.ch\/wp-content\/uploads\/Bildpost_75Jubilaeum_defpdf-scaled.jpg","type":"image\/jpeg"}],"author":"kreadmin","twitter_card":"summary_large_image","twitter_misc":{"\u00c9crit par":"kreadmin","Dur\u00e9e de lecture estim\u00e9e":"6 minutes"},"schema":{"@context":"https:\/\/schema.org","@graph":[{"@type":"Article","@id":"https:\/\/www.kleinmetals.ch\/fr\/75-ans-de-l-klein-sa-plus-quun-negociant-en-acier\/#article","isPartOf":{"@id":"https:\/\/www.kleinmetals.ch\/fr\/75-ans-de-l-klein-sa-plus-quun-negociant-en-acier\/"},"author":{"name":"kreadmin","@id":"https:\/\/www.kleinmetals.ch\/fr\/#\/schema\/person\/afc63516d6dc1bc29d882d9c919e8c3d"},"headline":"75 ans de L. KLEIN SA &#8211; plus qu&rsquo;un n\u00e9gociant en acier","datePublished":"2021-11-25T14:07:15+00:00","dateModified":"2024-02-12T14:20:18+00:00","mainEntityOfPage":{"@id":"https:\/\/www.kleinmetals.ch\/fr\/75-ans-de-l-klein-sa-plus-quun-negociant-en-acier\/"},"wordCount":1293,"commentCount":0,"publisher":{"@id":"https:\/\/www.kleinmetals.ch\/fr\/#organization"},"image":{"@id":"https:\/\/www.kleinmetals.ch\/fr\/75-ans-de-l-klein-sa-plus-quun-negociant-en-acier\/#primaryimage"},"thumbnailUrl":"https:\/\/www.kleinmetals.ch\/wp-content\/uploads\/Bildpost_75Jubilaeum_defpdf-scaled.jpg","articleSection":["News"],"inLanguage":"fr-FR","potentialAction":[{"@type":"CommentAction","name":"Comment","target":["https:\/\/www.kleinmetals.ch\/fr\/75-ans-de-l-klein-sa-plus-quun-negociant-en-acier\/#respond"]}]},{"@type":"WebPage","@id":"https:\/\/www.kleinmetals.ch\/fr\/75-ans-de-l-klein-sa-plus-quun-negociant-en-acier\/","url":"https:\/\/www.kleinmetals.ch\/fr\/75-ans-de-l-klein-sa-plus-quun-negociant-en-acier\/","name":"75 ans de L. KLEIN SA - plus qu'un n\u00e9gociant en acier - L.Klein SA - Premium Steel and Metals","isPartOf":{"@id":"https:\/\/www.kleinmetals.ch\/fr\/#website"},"primaryImageOfPage":{"@id":"https:\/\/www.kleinmetals.ch\/fr\/75-ans-de-l-klein-sa-plus-quun-negociant-en-acier\/#primaryimage"},"image":{"@id":"https:\/\/www.kleinmetals.ch\/fr\/75-ans-de-l-klein-sa-plus-quun-negociant-en-acier\/#primaryimage"},"thumbnailUrl":"https:\/\/www.kleinmetals.ch\/wp-content\/uploads\/Bildpost_75Jubilaeum_defpdf-scaled.jpg","datePublished":"2021-11-25T14:07:15+00:00","dateModified":"2024-02-12T14:20:18+00:00","breadcrumb":{"@id":"https:\/\/www.kleinmetals.ch\/fr\/75-ans-de-l-klein-sa-plus-quun-negociant-en-acier\/#breadcrumb"},"inLanguage":"fr-FR","potentialAction":[{"@type":"ReadAction","target":["https:\/\/www.kleinmetals.ch\/fr\/75-ans-de-l-klein-sa-plus-quun-negociant-en-acier\/"]}]},{"@type":"ImageObject","inLanguage":"fr-FR","@id":"https:\/\/www.kleinmetals.ch\/fr\/75-ans-de-l-klein-sa-plus-quun-negociant-en-acier\/#primaryimage","url":"https:\/\/www.kleinmetals.ch\/wp-content\/uploads\/Bildpost_75Jubilaeum_defpdf-scaled.jpg","contentUrl":"https:\/\/www.kleinmetals.ch\/wp-content\/uploads\/Bildpost_75Jubilaeum_defpdf-scaled.jpg","width":2560,"height":2560},{"@type":"BreadcrumbList","@id":"https:\/\/www.kleinmetals.ch\/fr\/75-ans-de-l-klein-sa-plus-quun-negociant-en-acier\/#breadcrumb","itemListElement":[{"@type":"ListItem","position":1,"name":"Home","item":"https:\/\/www.kleinmetals.ch\/fr\/"},{"@type":"ListItem","position":2,"name":"75 ans de L. KLEIN SA &#8211; plus qu&rsquo;un n\u00e9gociant en acier"}]},{"@type":"WebSite","@id":"https:\/\/www.kleinmetals.ch\/fr\/#website","url":"https:\/\/www.kleinmetals.ch\/fr\/","name":"L.Klein AG Edelst\u00e4hle und Metalle","description":"Handel mit hochwertigen Edelst\u00e4hlen und metallischen Rohstoffen","publisher":{"@id":"https:\/\/www.kleinmetals.ch\/fr\/#organization"},"potentialAction":[{"@type":"SearchAction","target":{"@type":"EntryPoint","urlTemplate":"https:\/\/www.kleinmetals.ch\/fr\/?s={search_term_string}"},"query-input":{"@type":"PropertyValueSpecification","valueRequired":true,"valueName":"search_term_string"}}],"inLanguage":"fr-FR"},{"@type":"Organization","@id":"https:\/\/www.kleinmetals.ch\/fr\/#organization","name":"L. Klein SA","url":"https:\/\/www.kleinmetals.ch\/fr\/","logo":{"@type":"ImageObject","inLanguage":"fr-FR","@id":"https:\/\/www.kleinmetals.ch\/fr\/#\/schema\/logo\/image\/","url":"https:\/\/www.kleinmetals.ch\/wp-content\/uploads\/L-Klein-SA-Logo.svg","contentUrl":"https:\/\/www.kleinmetals.ch\/wp-content\/uploads\/L-Klein-SA-Logo.svg","width":275,"height":86,"caption":"L. Klein SA"},"image":{"@id":"https:\/\/www.kleinmetals.ch\/fr\/#\/schema\/logo\/image\/"},"sameAs":["https:\/\/www.linkedin.com\/company\/l.-klein-sa\/"]},{"@type":"Person","@id":"https:\/\/www.kleinmetals.ch\/fr\/#\/schema\/person\/afc63516d6dc1bc29d882d9c919e8c3d","name":"kreadmin","sameAs":["https:\/\/www.kleinmetals.ch"]}]}},"_links":{"self":[{"href":"https:\/\/www.kleinmetals.ch\/fr\/wp-json\/wp\/v2\/posts\/131399","targetHints":{"allow":["GET"]}}],"collection":[{"href":"https:\/\/www.kleinmetals.ch\/fr\/wp-json\/wp\/v2\/posts"}],"about":[{"href":"https:\/\/www.kleinmetals.ch\/fr\/wp-json\/wp\/v2\/types\/post"}],"author":[{"embeddable":true,"href":"https:\/\/www.kleinmetals.ch\/fr\/wp-json\/wp\/v2\/users\/1"}],"replies":[{"embeddable":true,"href":"https:\/\/www.kleinmetals.ch\/fr\/wp-json\/wp\/v2\/comments?post=131399"}],"version-history":[{"count":0,"href":"https:\/\/www.kleinmetals.ch\/fr\/wp-json\/wp\/v2\/posts\/131399\/revisions"}],"wp:featuredmedia":[{"embeddable":true,"href":"https:\/\/www.kleinmetals.ch\/fr\/wp-json\/wp\/v2\/media\/62857"}],"wp:attachment":[{"href":"https:\/\/www.kleinmetals.ch\/fr\/wp-json\/wp\/v2\/media?parent=131399"}],"wp:term":[{"taxonomy":"category","embeddable":true,"href":"https:\/\/www.kleinmetals.ch\/fr\/wp-json\/wp\/v2\/categories?post=131399"},{"taxonomy":"post_tag","embeddable":true,"href":"https:\/\/www.kleinmetals.ch\/fr\/wp-json\/wp\/v2\/tags?post=131399"}],"curies":[{"name":"wp","href":"https:\/\/api.w.org\/{rel}","templated":true}]}}